{"id":1187,"date":"2021-11-13T11:09:42","date_gmt":"2021-11-13T10:09:42","guid":{"rendered":"https:\/\/beta.lemailletdejoigny.fr\/?p=1187"},"modified":"2021-11-13T11:09:44","modified_gmt":"2021-11-13T10:09:44","slug":"le-maillet-fabrique-le-territoire","status":"publish","type":"post","link":"https:\/\/www.lemailletdejoigny.fr\/index.php\/2021\/11\/13\/le-maillet-fabrique-le-territoire\/","title":{"rendered":"Le Maillet \u00ab\u00a0fabrique\u00a0\u00bb le territoire"},"content":{"rendered":"\n<div class=\"wp-block-image\"><figure class=\"alignleft size-full is-resized\"><img loading=\"lazy\" decoding=\"async\" src=\"https:\/\/beta.lemailletdejoigny.fr\/wp-content\/uploads\/2021\/11\/france-relance.jpg\" alt=\"\" class=\"wp-image-1190\" width=\"140\" height=\"85\" srcset=\"https:\/\/www.lemailletdejoigny.fr\/wp-content\/uploads\/2021\/11\/france-relance.jpg 560w, https:\/\/www.lemailletdejoigny.fr\/wp-content\/uploads\/2021\/11\/france-relance-300x181.jpg 300w\" sizes=\"auto, (max-width: 140px) 100vw, 140px\" \/><\/figure><\/div>\n\n\n\n<p>Suite \u00e0 la crise COVID, le gouvernement a lanc\u00e9 un \u00ab\u00a0<em>plan de relance<\/em>\u00ab\u00a0. Il s&rsquo;agissait souvent d&rsquo;AMI (Appel \u00e0 Manifestation d&rsquo;Int\u00e9r\u00eat). L&rsquo;un d&rsquo;entre eux \u00e0 destination des tiers-lieux, nomm\u00e9 <em>\u00ab\u00a0Fabrique de territoire<\/em>\u00a0\u00bb pouvait concerner le Maillet, mais d&rsquo;autres organisations joviniennes aussi. Il a paru plus sage \u00e0 tous de se grouper pour faire un dossier commun, au sein de l&rsquo;association Labdispak, qui f\u00e9d\u00e8re les associations membres du tiers-lieu.<\/p>\n\n\n\n<p>Plusieurs vagues de laur\u00e9ats ont d\u00e9j\u00e0 \u00e9t\u00e9 s\u00e9lectionn\u00e9s. Avant nous, nos amis de La Californie de Toucy. Et cet automne, ce fut notre tour.<\/p>\n\n\n\n<h3 class=\"wp-block-heading\">Nos partenaires au sein de Labdispak :<\/h3>\n\n\n\n<ul class=\"wp-block-list\"><li>Scani<\/li><li>Renaissance Joigny<\/li><li>La Bascule<\/li><li>Les amis du ch\u00e2teau du Feys<\/li><li>C3V<\/li><\/ul>\n\n\n\n<h3 class=\"wp-block-heading\">Qu&rsquo;est-ce qu&rsquo;on doit \u00ab\u00a0fabriquer\u00a0\u00bb ?<\/h3>\n\n\n\n<p>Nous devons \u00eatre un <em>\u00ab\u00a0tiers-lieu structurant capable d&rsquo;augmenter la capacit\u00e9 d&rsquo;action des autres tiers-lieux du territoire dans lequel ils s&rsquo;inscrivent.\u00a0\u00bb<\/em> pour reprendre les termes exacts de l&rsquo;AMI.<\/p>\n\n\n\n<p>En plus clair, nous devons nous d\u00e9velopper, nous structurer, avoir des activit\u00e9s, notamment en direction du quartier en Politique de la Ville&#8230; et ainsi \u00eatre en capacit\u00e9 d&rsquo;aider les initiatives semblables dans les territoires proches du n\u00f4tre.<\/p>\n\n\n\n<p>Pour cela, Labdispak touchera 50 000 \u20ac pendant 3 ans avec obligation de salarier quelqu&rsquo;un.<\/p>\n","protected":false},"excerpt":{"rendered":"<p>Suite \u00e0 la crise COVID, le gouvernement a lanc\u00e9 un \u00ab\u00a0plan de relance\u00ab\u00a0. Il s&rsquo;agissait souvent d&rsquo;AMI (Appel \u00e0 Manifestation d&rsquo;Int\u00e9r\u00eat). L&rsquo;un d&rsquo;entre eux \u00e0 destination des tiers-lieux, nomm\u00e9 \u00ab\u00a0Fabrique de territoire\u00a0\u00bb pouvait concerner le Maillet, mais d&rsquo;autres organisations joviniennes aussi. Il a paru plus sage \u00e0 tous de se [&hellip;]<\/p>\n","protected":false},"author":1,"featured_media":1190,"comment_status":"open","ping_status":"open","sticky":false,"template":"","format":"standard","meta":{"footnotes":""},"categories":[11],"tags":[],"class_list":["post-1187","post","type-post","status-publish","format-standard","has-post-thumbnail","hentry","category-evenements"],"_links":{"self":[{"href":"https:\/\/www.lemailletdejoigny.fr\/index.php\/wp-json\/wp\/v2\/posts\/1187","targetHints":{"allow":["GET"]}}],"collection":[{"href":"https:\/\/www.lemailletdejoigny.fr\/index.php\/wp-json\/wp\/v2\/posts"}],"about":[{"href":"https:\/\/www.lemailletdejoigny.fr\/index.php\/wp-json\/wp\/v2\/types\/post"}],"author":[{"embeddable":true,"href":"https:\/\/www.lemailletdejoigny.fr\/index.php\/wp-json\/wp\/v2\/users\/1"}],"replies":[{"embeddable":true,"href":"https:\/\/www.lemailletdejoigny.fr\/index.php\/wp-json\/wp\/v2\/comments?post=1187"}],"version-history":[{"count":2,"href":"https:\/\/www.lemailletdejoigny.fr\/index.php\/wp-json\/wp\/v2\/posts\/1187\/revisions"}],"predecessor-version":[{"id":1191,"href":"https:\/\/www.lemailletdejoigny.fr\/index.php\/wp-json\/wp\/v2\/posts\/1187\/revisions\/1191"}],"wp:featuredmedia":[{"embeddable":true,"href":"https:\/\/www.lemailletdejoigny.fr\/index.php\/wp-json\/wp\/v2\/media\/1190"}],"wp:attachment":[{"href":"https:\/\/www.lemailletdejoigny.fr\/index.php\/wp-json\/wp\/v2\/media?parent=1187"}],"wp:term":[{"taxonomy":"category","embeddable":true,"href":"https:\/\/www.lemailletdejoigny.fr\/index.php\/wp-json\/wp\/v2\/categories?post=1187"},{"taxonomy":"post_tag","embeddable":true,"href":"https:\/\/www.lemailletdejoigny.fr\/index.php\/wp-json\/wp\/v2\/tags?post=1187"}],"curies":[{"name":"wp","href":"https:\/\/api.w.org\/{rel}","templated":true}]}}